{"id":14748,"date":"2018-05-04T09:22:42","date_gmt":"2018-05-04T09:22:42","guid":{"rendered":"http:\/\/www.dra-go.com\/?p=14748"},"modified":"2018-07-20T18:06:08","modified_gmt":"2018-07-20T18:06:08","slug":"el-triciclo-de-carga-100-electrico-de-drago-con-pedaleo-asistido-y-alimentado-por-placas-fotovoltaicas-en-la-feria-de-madrid-ciclologistica-2018","status":"publish","type":"post","link":"https:\/\/www.dra-go.com\/en\/el-triciclo-de-carga-100-electrico-de-drago-con-pedaleo-asistido-y-alimentado-por-placas-fotovoltaicas-en-la-feria-de-madrid-ciclologistica-2018\/","title":{"rendered":"El Triciclo de carga 100% el\u00e9ctrico de Drago, con pedaleo asistido y alimentado por placas fotovoltaicas, en la feria de Madrid Ciclolog\u00edstica 2018"},"content":{"rendered":"<p>Drago ha presentado en ciclolog\u00edstica 2018, primer Campus Estatal de Ciclolog\u00edstica celebrado los d\u00edas 4 y 5 de Mayo en el centro Cultural Puerta de Toledo de Madrid, su triciclo de carga con pedaleo asistido, alimentado por placas fotovoltaicas para carga, recogida de residuos o limpieza vial.<\/p>\n<p>&nbsp;<\/p>\n<p>Su alimentaci\u00f3n por paneles contribuye a reducir el consumo de energ\u00eda, la contaminaci\u00f3n y el ruido de manera definitiva, garantizando una total autonom\u00eda, lo que lo convierte en la soluci\u00f3n ideal para ciudades como Madrid.<\/p>\n<p>&nbsp;<\/p>\n<p>En su presentaci\u00f3n \u201cTodo Aquiles tiene su tal\u00f3n, \u00e9ste es el nuestro\u201d, Drago destac\u00f3 las\u00a0 caracter\u00edsticas de un veh\u00edculo vers\u00e1til, con posibilidad de adaptaci\u00f3n a diferentes usos, respetuoso con el medioambiente y econ\u00f3mico.<\/p>\n<p>&nbsp;<\/p>\n<p>Ciclolog\u00edstica asocia a las principales empresas dedicadas a esta actividad, un sector emergente que permite llegar de manera \u00e1gil ligera, amable y limpia a cada rinc\u00f3n de la ciudad facilitando a ayuntamientos, administraciones, operadores de transporte y empresas de distribuci\u00f3n la adaptaci\u00f3n a las demandas de los usuarios.<\/p>\n<p>&nbsp;<\/p>\n<p><strong>Otros veh\u00edculos DRAGO 100 el\u00e9ctricos:<\/strong><\/p>\n<p><strong>Barredora vial Tenax Electra 1.0<\/strong> de alimentaci\u00f3n y accionamiento 100%\u00a0 el\u00e9ctricos, mecaniza el barrido en espacios a los que solo puede llegar el operador manual y en zonas de alta sensibilidad ambiental. Su autonom\u00eda operativa sin contaminaci\u00f3n asegura una reducci\u00f3n significativa de costes de funcionamiento y mantenimiento.<\/p>\n<p><strong>Electra 2.0 Neo,<\/strong> la primera y \u00fanica barredora compacta del mundo de accionamiento completamente el\u00e9ctrico. Extraordinario rendimiento, baja emisi\u00f3n ac\u00fastica y tama\u00f1o compacto para la limpieza de centros de ciudades, zonas peatonales, carriles para bicis y \u00e1reas peque\u00f1as y medianas, tanto interiores como exteriores.<\/p>\n<p><strong>Barredora de aceras Tenax MaxWind<\/strong> de barrido mec\u00e1nico, aspirante y filtrante, para barrer a alta velocidad residuos de peque\u00f1o y gran tama\u00f1o, pesados y livianos, en distintas superficies incluido terreno con c\u00e9sped. Adem\u00e1s, puede eliminar una gran cantidad de polvo, con o sin agua, y garantiza un filtrado total del polvo fino PM10.<\/p>\n<p><strong>Electra 2.0 Hydro<\/strong>, primera y \u00fanica baldeadora compacta de funcionamiento completamente el\u00e9ctrico, bater\u00edas de gel, \u00e1cido o litio, autonom\u00eda de entre 8 y 10 horas, m\u00ednimo mantenimiento, tama\u00f1o compacto, sistema de auto diagnosis y funcionamiento pr\u00e1cticamente silencioso.<\/p>\n<p>&nbsp;<\/p>\n<p><strong>Drago<\/strong><\/p>\n<p>Formada por un equipo de profesionales con dos d\u00e9cadas de experiencia en el sector de los\u00a0 servicios medioambientales\u00a0 urbanos y comprometidos con el medioambiente, se posiciona como la empresa del sector con la mayor oferta 100% el\u00e9ctrica y sostenible.<\/p>\n<p>Veh\u00edculos\u00a0 de servicio para cualquier actividad econ\u00f3mica y maquinaria de limpieza viaria, el\u00e9ctricos y ecol\u00f3gicos que posibilitan un servicio y una movilidad urbana sostenible, con el objetivo de reducir las emisiones de CO2 y contribuir a la descarbonizaci\u00f3n de los servicios urbanos tanto en peque\u00f1os como grandes n\u00facleos de poblaci\u00f3n.<\/p>\n<p>Barredoras urbanas el\u00e9ctricas, baldeadoras el\u00e9ctricas, veh\u00edculos el\u00e9ctricos y triciclos el\u00e9ctricos, son algunos de los productos que la compa\u00f1\u00eda comercializa en Espa\u00f1a.<\/p>\n<p>Drago cuenta con instalaciones en Madrid y Tenerife.<\/p>\n<p>&nbsp;<\/p>\n<p>&nbsp;<\/p>\n<p>&nbsp;<\/p>\n<p>&nbsp;<\/p>\n","protected":false},"excerpt":{"rendered":"<p>Drago ha presentado en ciclolog\u00edstica 2018, primer Campus Estatal de Ciclolog\u00edstica celebrado los d\u00edas 4 y 5 de Mayo en el centro Cultural Puerta de Toledo de Madrid, su triciclo de carga con pedaleo asistido, alimentado por placas fotovoltaicas para carga, recogida de residuos o limpieza vial. &nbsp; Su alimentaci\u00f3n por paneles contribuye a reducir &#8230; <a title=\"El Triciclo de carga 100% el\u00e9ctrico de Drago, con pedaleo asistido y alimentado por placas fotovoltaicas, en la feria de Madrid Ciclolog\u00edstica 2018\" class=\"read-more\" href=\"https:\/\/www.dra-go.com\/en\/el-triciclo-de-carga-100-electrico-de-drago-con-pedaleo-asistido-y-alimentado-por-placas-fotovoltaicas-en-la-feria-de-madrid-ciclologistica-2018\/\" aria-label=\"Leer m\u00e1s sobre El Triciclo de carga 100% el\u00e9ctrico de Drago, con pedaleo asistido y alimentado por placas fotovoltaicas, en la feria de Madrid Ciclolog\u00edstica 2018\">Read more<\/a><\/p>\n","protected":false},"author":2,"featured_media":14746,"comment_status":"closed","ping_status":"open","sticky":false,"template":"","format":"standard","meta":{"inline_featured_image":false,"generate_page_header":"","footnotes":""},"categories":[12],"tags":[],"class_list":["post-14748","post","type-post","status-publish","format-standard","has-post-thumbnail","hentry","category-noticie","no-featured-image-padding"],"yoast_head":"<!-- This site is optimized with the Yoast SEO plugin v27.4 - https:\/\/yoast.com\/product\/yoast-seo-wordpress\/ -->\n<title>El Triciclo de carga 100% el\u00e9ctrico de Drago, con pedaleo asistido y alimentado por placas fotovoltaicas, en la feria de Madrid Ciclolog\u00edstica 2018 - DRAGOEN<\/title>\n<meta name=\"robots\" content=\"index, follow, max-snippet:-1, max-image-preview:large, max-video-preview:-1\" \/>\n<link rel=\"canonical\" href=\"https:\/\/www.dra-go.com\/en\/el-triciclo-de-carga-100-electrico-de-drago-con-pedaleo-asistido-y-alimentado-por-placas-fotovoltaicas-en-la-feria-de-madrid-ciclologistica-2018\/\" \/>\n<meta property=\"og:locale\" content=\"es_ES\" \/>\n<meta property=\"og:type\" content=\"article\" \/>\n<meta property=\"og:title\" content=\"El Triciclo de carga 100% el\u00e9ctrico de Drago, con pedaleo asistido y alimentado por placas fotovoltaicas, en la feria de Madrid Ciclolog\u00edstica 2018 - DRAGOEN\" \/>\n<meta property=\"og:description\" content=\"Drago ha presentado en ciclolog\u00edstica 2018, primer Campus Estatal de Ciclolog\u00edstica celebrado los d\u00edas 4 y 5 de Mayo en el centro Cultural Puerta de Toledo de Madrid, su triciclo de carga con pedaleo asistido, alimentado por placas fotovoltaicas para carga, recogida de residuos o limpieza vial. &nbsp; Su alimentaci\u00f3n por paneles contribuye a reducir ... Read more\" \/>\n<meta property=\"og:url\" content=\"https:\/\/www.dra-go.com\/en\/el-triciclo-de-carga-100-electrico-de-drago-con-pedaleo-asistido-y-alimentado-por-placas-fotovoltaicas-en-la-feria-de-madrid-ciclologistica-2018\/\" \/>\n<meta property=\"og:site_name\" content=\"DRAGOEN\" \/>\n<meta property=\"article:published_time\" content=\"2018-05-04T09:22:42+00:00\" \/>\n<meta property=\"article:modified_time\" content=\"2018-07-20T18:06:08+00:00\" \/>\n<meta property=\"og:image\" content=\"https:\/\/www.dra-go.com\/en\/wp-content\/uploads\/sites\/3\/2018\/06\/IMG_0159-2-e1528795281893.jpg\" \/>\n\t<meta property=\"og:image:width\" content=\"1200\" \/>\n\t<meta property=\"og:image:height\" content=\"900\" \/>\n\t<meta property=\"og:image:type\" content=\"image\/jpeg\" \/>\n<meta name=\"author\" content=\"Isabel\" \/>\n<meta name=\"twitter:card\" content=\"summary_large_image\" \/>\n<meta name=\"twitter:label1\" content=\"Escrito por\" \/>\n\t<meta name=\"twitter:data1\" content=\"Isabel\" \/>\n\t<meta name=\"twitter:label2\" content=\"Tiempo de lectura\" \/>\n\t<meta name=\"twitter:data2\" content=\"3 minutos\" \/>\n<script type=\"application\/ld+json\" class=\"yoast-schema-graph\">{\"@context\":\"https:\\\/\\\/schema.org\",\"@graph\":[{\"@type\":\"Article\",\"@id\":\"https:\\\/\\\/www.dra-go.com\\\/en\\\/el-triciclo-de-carga-100-electrico-de-drago-con-pedaleo-asistido-y-alimentado-por-placas-fotovoltaicas-en-la-feria-de-madrid-ciclologistica-2018\\\/#article\",\"isPartOf\":{\"@id\":\"https:\\\/\\\/www.dra-go.com\\\/en\\\/el-triciclo-de-carga-100-electrico-de-drago-con-pedaleo-asistido-y-alimentado-por-placas-fotovoltaicas-en-la-feria-de-madrid-ciclologistica-2018\\\/\"},\"author\":{\"name\":\"Isabel\",\"@id\":\"https:\\\/\\\/www.dra-go.com\\\/en\\\/#\\\/schema\\\/person\\\/5ab7e9b61231a2bc8b3d1a9ec71e6cd2\"},\"headline\":\"El Triciclo de carga 100% el\u00e9ctrico de Drago, con pedaleo asistido y alimentado por placas fotovoltaicas, en la feria de Madrid Ciclolog\u00edstica 2018\",\"datePublished\":\"2018-05-04T09:22:42+00:00\",\"dateModified\":\"2018-07-20T18:06:08+00:00\",\"mainEntityOfPage\":{\"@id\":\"https:\\\/\\\/www.dra-go.com\\\/en\\\/el-triciclo-de-carga-100-electrico-de-drago-con-pedaleo-asistido-y-alimentado-por-placas-fotovoltaicas-en-la-feria-de-madrid-ciclologistica-2018\\\/\"},\"wordCount\":548,\"publisher\":{\"@id\":\"https:\\\/\\\/www.dra-go.com\\\/en\\\/#organization\"},\"image\":{\"@id\":\"https:\\\/\\\/www.dra-go.com\\\/en\\\/el-triciclo-de-carga-100-electrico-de-drago-con-pedaleo-asistido-y-alimentado-por-placas-fotovoltaicas-en-la-feria-de-madrid-ciclologistica-2018\\\/#primaryimage\"},\"thumbnailUrl\":\"https:\\\/\\\/www.dra-go.com\\\/en\\\/wp-content\\\/uploads\\\/sites\\\/3\\\/2018\\\/06\\\/IMG_0159-2-e1528795281893.jpg\",\"articleSection\":[\"Notice\"],\"inLanguage\":\"es\"},{\"@type\":\"WebPage\",\"@id\":\"https:\\\/\\\/www.dra-go.com\\\/en\\\/el-triciclo-de-carga-100-electrico-de-drago-con-pedaleo-asistido-y-alimentado-por-placas-fotovoltaicas-en-la-feria-de-madrid-ciclologistica-2018\\\/\",\"url\":\"https:\\\/\\\/www.dra-go.com\\\/en\\\/el-triciclo-de-carga-100-electrico-de-drago-con-pedaleo-asistido-y-alimentado-por-placas-fotovoltaicas-en-la-feria-de-madrid-ciclologistica-2018\\\/\",\"name\":\"El Triciclo de carga 100% el\u00e9ctrico de Drago, con pedaleo asistido y alimentado por placas fotovoltaicas, en la feria de Madrid Ciclolog\u00edstica 2018 - DRAGOEN\",\"isPartOf\":{\"@id\":\"https:\\\/\\\/www.dra-go.com\\\/en\\\/#website\"},\"primaryImageOfPage\":{\"@id\":\"https:\\\/\\\/www.dra-go.com\\\/en\\\/el-triciclo-de-carga-100-electrico-de-drago-con-pedaleo-asistido-y-alimentado-por-placas-fotovoltaicas-en-la-feria-de-madrid-ciclologistica-2018\\\/#primaryimage\"},\"image\":{\"@id\":\"https:\\\/\\\/www.dra-go.com\\\/en\\\/el-triciclo-de-carga-100-electrico-de-drago-con-pedaleo-asistido-y-alimentado-por-placas-fotovoltaicas-en-la-feria-de-madrid-ciclologistica-2018\\\/#primaryimage\"},\"thumbnailUrl\":\"https:\\\/\\\/www.dra-go.com\\\/en\\\/wp-content\\\/uploads\\\/sites\\\/3\\\/2018\\\/06\\\/IMG_0159-2-e1528795281893.jpg\",\"datePublished\":\"2018-05-04T09:22:42+00:00\",\"dateModified\":\"2018-07-20T18:06:08+00:00\",\"breadcrumb\":{\"@id\":\"https:\\\/\\\/www.dra-go.com\\\/en\\\/el-triciclo-de-carga-100-electrico-de-drago-con-pedaleo-asistido-y-alimentado-por-placas-fotovoltaicas-en-la-feria-de-madrid-ciclologistica-2018\\\/#breadcrumb\"},\"inLanguage\":\"es\",\"potentialAction\":[{\"@type\":\"ReadAction\",\"target\":[\"https:\\\/\\\/www.dra-go.com\\\/en\\\/el-triciclo-de-carga-100-electrico-de-drago-con-pedaleo-asistido-y-alimentado-por-placas-fotovoltaicas-en-la-feria-de-madrid-ciclologistica-2018\\\/\"]}]},{\"@type\":\"ImageObject\",\"inLanguage\":\"es\",\"@id\":\"https:\\\/\\\/www.dra-go.com\\\/en\\\/el-triciclo-de-carga-100-electrico-de-drago-con-pedaleo-asistido-y-alimentado-por-placas-fotovoltaicas-en-la-feria-de-madrid-ciclologistica-2018\\\/#primaryimage\",\"url\":\"https:\\\/\\\/www.dra-go.com\\\/en\\\/wp-content\\\/uploads\\\/sites\\\/3\\\/2018\\\/06\\\/IMG_0159-2-e1528795281893.jpg\",\"contentUrl\":\"https:\\\/\\\/www.dra-go.com\\\/en\\\/wp-content\\\/uploads\\\/sites\\\/3\\\/2018\\\/06\\\/IMG_0159-2-e1528795281893.jpg\",\"width\":1200,\"height\":900},{\"@type\":\"BreadcrumbList\",\"@id\":\"https:\\\/\\\/www.dra-go.com\\\/en\\\/el-triciclo-de-carga-100-electrico-de-drago-con-pedaleo-asistido-y-alimentado-por-placas-fotovoltaicas-en-la-feria-de-madrid-ciclologistica-2018\\\/#breadcrumb\",\"itemListElement\":[{\"@type\":\"ListItem\",\"position\":1,\"name\":\"Portada\",\"item\":\"https:\\\/\\\/www.dra-go.com\\\/en\\\/\"},{\"@type\":\"ListItem\",\"position\":2,\"name\":\"El Triciclo de carga 100% el\u00e9ctrico de Drago, con pedaleo asistido y alimentado por placas fotovoltaicas, en la feria de Madrid Ciclolog\u00edstica 2018\"}]},{\"@type\":\"WebSite\",\"@id\":\"https:\\\/\\\/www.dra-go.com\\\/en\\\/#website\",\"url\":\"https:\\\/\\\/www.dra-go.com\\\/en\\\/\",\"name\":\"DRAGOEN\",\"description\":\"Engineering and Services\",\"publisher\":{\"@id\":\"https:\\\/\\\/www.dra-go.com\\\/en\\\/#organization\"},\"potentialAction\":[{\"@type\":\"SearchAction\",\"target\":{\"@type\":\"EntryPoint\",\"urlTemplate\":\"https:\\\/\\\/www.dra-go.com\\\/en\\\/?s={search_term_string}\"},\"query-input\":{\"@type\":\"PropertyValueSpecification\",\"valueRequired\":true,\"valueName\":\"search_term_string\"}}],\"inLanguage\":\"es\"},{\"@type\":\"Organization\",\"@id\":\"https:\\\/\\\/www.dra-go.com\\\/en\\\/#organization\",\"name\":\"DRAGOEN\",\"url\":\"https:\\\/\\\/www.dra-go.com\\\/en\\\/\",\"logo\":{\"@type\":\"ImageObject\",\"inLanguage\":\"es\",\"@id\":\"https:\\\/\\\/www.dra-go.com\\\/en\\\/#\\\/schema\\\/logo\\\/image\\\/\",\"url\":\"https:\\\/\\\/www.dra-go.com\\\/en\\\/wp-content\\\/uploads\\\/sites\\\/3\\\/2023\\\/07\\\/Logo-DRAGO-RGB-AF_PositivoDRAGO.png\",\"contentUrl\":\"https:\\\/\\\/www.dra-go.com\\\/en\\\/wp-content\\\/uploads\\\/sites\\\/3\\\/2023\\\/07\\\/Logo-DRAGO-RGB-AF_PositivoDRAGO.png\",\"width\":1024,\"height\":194,\"caption\":\"DRAGOEN\"},\"image\":{\"@id\":\"https:\\\/\\\/www.dra-go.com\\\/en\\\/#\\\/schema\\\/logo\\\/image\\\/\"}},{\"@type\":\"Person\",\"@id\":\"https:\\\/\\\/www.dra-go.com\\\/en\\\/#\\\/schema\\\/person\\\/5ab7e9b61231a2bc8b3d1a9ec71e6cd2\",\"name\":\"Isabel\",\"image\":{\"@type\":\"ImageObject\",\"inLanguage\":\"es\",\"@id\":\"https:\\\/\\\/secure.gravatar.com\\\/avatar\\\/703ef0073a81160fe7c35840dce33307983fd19f84a4270dfe9ca184465acd5b?s=96&d=mm&r=g\",\"url\":\"https:\\\/\\\/secure.gravatar.com\\\/avatar\\\/703ef0073a81160fe7c35840dce33307983fd19f84a4270dfe9ca184465acd5b?s=96&d=mm&r=g\",\"contentUrl\":\"https:\\\/\\\/secure.gravatar.com\\\/avatar\\\/703ef0073a81160fe7c35840dce33307983fd19f84a4270dfe9ca184465acd5b?s=96&d=mm&r=g\",\"caption\":\"Isabel\"},\"url\":\"https:\\\/\\\/www.dra-go.com\\\/en\\\/author\\\/dragosl\\\/\"}]}<\/script>\n<!-- \/ Yoast SEO plugin. -->","yoast_head_json":{"title":"El Triciclo de carga 100% el\u00e9ctrico de Drago, con pedaleo asistido y alimentado por placas fotovoltaicas, en la feria de Madrid Ciclolog\u00edstica 2018 - DRAGOEN","robots":{"index":"index","follow":"follow","max-snippet":"max-snippet:-1","max-image-preview":"max-image-preview:large","max-video-preview":"max-video-preview:-1"},"canonical":"https:\/\/www.dra-go.com\/en\/el-triciclo-de-carga-100-electrico-de-drago-con-pedaleo-asistido-y-alimentado-por-placas-fotovoltaicas-en-la-feria-de-madrid-ciclologistica-2018\/","og_locale":"es_ES","og_type":"article","og_title":"El Triciclo de carga 100% el\u00e9ctrico de Drago, con pedaleo asistido y alimentado por placas fotovoltaicas, en la feria de Madrid Ciclolog\u00edstica 2018 - DRAGOEN","og_description":"Drago ha presentado en ciclolog\u00edstica 2018, primer Campus Estatal de Ciclolog\u00edstica celebrado los d\u00edas 4 y 5 de Mayo en el centro Cultural Puerta de Toledo de Madrid, su triciclo de carga con pedaleo asistido, alimentado por placas fotovoltaicas para carga, recogida de residuos o limpieza vial. &nbsp; Su alimentaci\u00f3n por paneles contribuye a reducir ... Read more","og_url":"https:\/\/www.dra-go.com\/en\/el-triciclo-de-carga-100-electrico-de-drago-con-pedaleo-asistido-y-alimentado-por-placas-fotovoltaicas-en-la-feria-de-madrid-ciclologistica-2018\/","og_site_name":"DRAGOEN","article_published_time":"2018-05-04T09:22:42+00:00","article_modified_time":"2018-07-20T18:06:08+00:00","og_image":[{"width":1200,"height":900,"url":"https:\/\/www.dra-go.com\/en\/wp-content\/uploads\/sites\/3\/2018\/06\/IMG_0159-2-e1528795281893.jpg","type":"image\/jpeg"}],"author":"Isabel","twitter_card":"summary_large_image","twitter_misc":{"Escrito por":"Isabel","Tiempo de lectura":"3 minutos"},"schema":{"@context":"https:\/\/schema.org","@graph":[{"@type":"Article","@id":"https:\/\/www.dra-go.com\/en\/el-triciclo-de-carga-100-electrico-de-drago-con-pedaleo-asistido-y-alimentado-por-placas-fotovoltaicas-en-la-feria-de-madrid-ciclologistica-2018\/#article","isPartOf":{"@id":"https:\/\/www.dra-go.com\/en\/el-triciclo-de-carga-100-electrico-de-drago-con-pedaleo-asistido-y-alimentado-por-placas-fotovoltaicas-en-la-feria-de-madrid-ciclologistica-2018\/"},"author":{"name":"Isabel","@id":"https:\/\/www.dra-go.com\/en\/#\/schema\/person\/5ab7e9b61231a2bc8b3d1a9ec71e6cd2"},"headline":"El Triciclo de carga 100% el\u00e9ctrico de Drago, con pedaleo asistido y alimentado por placas fotovoltaicas, en la feria de Madrid Ciclolog\u00edstica 2018","datePublished":"2018-05-04T09:22:42+00:00","dateModified":"2018-07-20T18:06:08+00:00","mainEntityOfPage":{"@id":"https:\/\/www.dra-go.com\/en\/el-triciclo-de-carga-100-electrico-de-drago-con-pedaleo-asistido-y-alimentado-por-placas-fotovoltaicas-en-la-feria-de-madrid-ciclologistica-2018\/"},"wordCount":548,"publisher":{"@id":"https:\/\/www.dra-go.com\/en\/#organization"},"image":{"@id":"https:\/\/www.dra-go.com\/en\/el-triciclo-de-carga-100-electrico-de-drago-con-pedaleo-asistido-y-alimentado-por-placas-fotovoltaicas-en-la-feria-de-madrid-ciclologistica-2018\/#primaryimage"},"thumbnailUrl":"https:\/\/www.dra-go.com\/en\/wp-content\/uploads\/sites\/3\/2018\/06\/IMG_0159-2-e1528795281893.jpg","articleSection":["Notice"],"inLanguage":"es"},{"@type":"WebPage","@id":"https:\/\/www.dra-go.com\/en\/el-triciclo-de-carga-100-electrico-de-drago-con-pedaleo-asistido-y-alimentado-por-placas-fotovoltaicas-en-la-feria-de-madrid-ciclologistica-2018\/","url":"https:\/\/www.dra-go.com\/en\/el-triciclo-de-carga-100-electrico-de-drago-con-pedaleo-asistido-y-alimentado-por-placas-fotovoltaicas-en-la-feria-de-madrid-ciclologistica-2018\/","name":"El Triciclo de carga 100% el\u00e9ctrico de Drago, con pedaleo asistido y alimentado por placas fotovoltaicas, en la feria de Madrid Ciclolog\u00edstica 2018 - DRAGOEN","isPartOf":{"@id":"https:\/\/www.dra-go.com\/en\/#website"},"primaryImageOfPage":{"@id":"https:\/\/www.dra-go.com\/en\/el-triciclo-de-carga-100-electrico-de-drago-con-pedaleo-asistido-y-alimentado-por-placas-fotovoltaicas-en-la-feria-de-madrid-ciclologistica-2018\/#primaryimage"},"image":{"@id":"https:\/\/www.dra-go.com\/en\/el-triciclo-de-carga-100-electrico-de-drago-con-pedaleo-asistido-y-alimentado-por-placas-fotovoltaicas-en-la-feria-de-madrid-ciclologistica-2018\/#primaryimage"},"thumbnailUrl":"https:\/\/www.dra-go.com\/en\/wp-content\/uploads\/sites\/3\/2018\/06\/IMG_0159-2-e1528795281893.jpg","datePublished":"2018-05-04T09:22:42+00:00","dateModified":"2018-07-20T18:06:08+00:00","breadcrumb":{"@id":"https:\/\/www.dra-go.com\/en\/el-triciclo-de-carga-100-electrico-de-drago-con-pedaleo-asistido-y-alimentado-por-placas-fotovoltaicas-en-la-feria-de-madrid-ciclologistica-2018\/#breadcrumb"},"inLanguage":"es","potentialAction":[{"@type":"ReadAction","target":["https:\/\/www.dra-go.com\/en\/el-triciclo-de-carga-100-electrico-de-drago-con-pedaleo-asistido-y-alimentado-por-placas-fotovoltaicas-en-la-feria-de-madrid-ciclologistica-2018\/"]}]},{"@type":"ImageObject","inLanguage":"es","@id":"https:\/\/www.dra-go.com\/en\/el-triciclo-de-carga-100-electrico-de-drago-con-pedaleo-asistido-y-alimentado-por-placas-fotovoltaicas-en-la-feria-de-madrid-ciclologistica-2018\/#primaryimage","url":"https:\/\/www.dra-go.com\/en\/wp-content\/uploads\/sites\/3\/2018\/06\/IMG_0159-2-e1528795281893.jpg","contentUrl":"https:\/\/www.dra-go.com\/en\/wp-content\/uploads\/sites\/3\/2018\/06\/IMG_0159-2-e1528795281893.jpg","width":1200,"height":900},{"@type":"BreadcrumbList","@id":"https:\/\/www.dra-go.com\/en\/el-triciclo-de-carga-100-electrico-de-drago-con-pedaleo-asistido-y-alimentado-por-placas-fotovoltaicas-en-la-feria-de-madrid-ciclologistica-2018\/#breadcrumb","itemListElement":[{"@type":"ListItem","position":1,"name":"Portada","item":"https:\/\/www.dra-go.com\/en\/"},{"@type":"ListItem","position":2,"name":"El Triciclo de carga 100% el\u00e9ctrico de Drago, con pedaleo asistido y alimentado por placas fotovoltaicas, en la feria de Madrid Ciclolog\u00edstica 2018"}]},{"@type":"WebSite","@id":"https:\/\/www.dra-go.com\/en\/#website","url":"https:\/\/www.dra-go.com\/en\/","name":"DRAGOEN","description":"Engineering and Services","publisher":{"@id":"https:\/\/www.dra-go.com\/en\/#organization"},"potentialAction":[{"@type":"SearchAction","target":{"@type":"EntryPoint","urlTemplate":"https:\/\/www.dra-go.com\/en\/?s={search_term_string}"},"query-input":{"@type":"PropertyValueSpecification","valueRequired":true,"valueName":"search_term_string"}}],"inLanguage":"es"},{"@type":"Organization","@id":"https:\/\/www.dra-go.com\/en\/#organization","name":"DRAGOEN","url":"https:\/\/www.dra-go.com\/en\/","logo":{"@type":"ImageObject","inLanguage":"es","@id":"https:\/\/www.dra-go.com\/en\/#\/schema\/logo\/image\/","url":"https:\/\/www.dra-go.com\/en\/wp-content\/uploads\/sites\/3\/2023\/07\/Logo-DRAGO-RGB-AF_PositivoDRAGO.png","contentUrl":"https:\/\/www.dra-go.com\/en\/wp-content\/uploads\/sites\/3\/2023\/07\/Logo-DRAGO-RGB-AF_PositivoDRAGO.png","width":1024,"height":194,"caption":"DRAGOEN"},"image":{"@id":"https:\/\/www.dra-go.com\/en\/#\/schema\/logo\/image\/"}},{"@type":"Person","@id":"https:\/\/www.dra-go.com\/en\/#\/schema\/person\/5ab7e9b61231a2bc8b3d1a9ec71e6cd2","name":"Isabel","image":{"@type":"ImageObject","inLanguage":"es","@id":"https:\/\/secure.gravatar.com\/avatar\/703ef0073a81160fe7c35840dce33307983fd19f84a4270dfe9ca184465acd5b?s=96&d=mm&r=g","url":"https:\/\/secure.gravatar.com\/avatar\/703ef0073a81160fe7c35840dce33307983fd19f84a4270dfe9ca184465acd5b?s=96&d=mm&r=g","contentUrl":"https:\/\/secure.gravatar.com\/avatar\/703ef0073a81160fe7c35840dce33307983fd19f84a4270dfe9ca184465acd5b?s=96&d=mm&r=g","caption":"Isabel"},"url":"https:\/\/www.dra-go.com\/en\/author\/dragosl\/"}]}},"_links":{"self":[{"href":"https:\/\/www.dra-go.com\/en\/wp-json\/wp\/v2\/posts\/14748","targetHints":{"allow":["GET"]}}],"collection":[{"href":"https:\/\/www.dra-go.com\/en\/wp-json\/wp\/v2\/posts"}],"about":[{"href":"https:\/\/www.dra-go.com\/en\/wp-json\/wp\/v2\/types\/post"}],"author":[{"embeddable":true,"href":"https:\/\/www.dra-go.com\/en\/wp-json\/wp\/v2\/users\/2"}],"replies":[{"embeddable":true,"href":"https:\/\/www.dra-go.com\/en\/wp-json\/wp\/v2\/comments?post=14748"}],"version-history":[{"count":2,"href":"https:\/\/www.dra-go.com\/en\/wp-json\/wp\/v2\/posts\/14748\/revisions"}],"predecessor-version":[{"id":14750,"href":"https:\/\/www.dra-go.com\/en\/wp-json\/wp\/v2\/posts\/14748\/revisions\/14750"}],"wp:featuredmedia":[{"embeddable":true,"href":"https:\/\/www.dra-go.com\/en\/wp-json\/wp\/v2\/media\/14746"}],"wp:attachment":[{"href":"https:\/\/www.dra-go.com\/en\/wp-json\/wp\/v2\/media?parent=14748"}],"wp:term":[{"taxonomy":"category","embeddable":true,"href":"https:\/\/www.dra-go.com\/en\/wp-json\/wp\/v2\/categories?post=14748"},{"taxonomy":"post_tag","embeddable":true,"href":"https:\/\/www.dra-go.com\/en\/wp-json\/wp\/v2\/tags?post=14748"}],"curies":[{"name":"wp","href":"https:\/\/api.w.org\/{rel}","templated":true}]}}