{"id":14735,"date":"2018-06-04T15:58:44","date_gmt":"2018-06-04T15:58:44","guid":{"rendered":"http:\/\/www.dra-go.com\/?p=14735"},"modified":"2018-07-20T18:05:51","modified_gmt":"2018-07-20T18:05:51","slug":"vehiculos-100-electricos-de-drago-para-transporte-urbano-y-carga-en-vem-2018-feria-del-vehiculo-electrico-de-madrid","status":"publish","type":"post","link":"https:\/\/www.dra-go.com\/en\/vehiculos-100-electricos-de-drago-para-transporte-urbano-y-carga-en-vem-2018-feria-del-vehiculo-electrico-de-madrid\/","title":{"rendered":"Veh\u00edculos 100% el\u00e9ctricos de Drago para transporte urbano y carga en VEM 2018, feria del veh\u00edculo el\u00e9ctrico de Madrid"},"content":{"rendered":"<p>&nbsp;<\/p>\n<ul>\n<li>Bajo el lema <em>\u201cDisfruta de Madrid en veh\u00edculo el\u00e9ctrico\u201d<\/em>se ha celebrado la cuarta edici\u00f3n de VEM, la feria del veh\u00edculo el\u00e9ctrico de la capital.<\/li>\n<\/ul>\n<p>&nbsp;<\/p>\n<ul>\n<li>Drago ha exhibido sus veh\u00edculos el\u00e9ctricos de transporte y carga, y su triciclo el\u00e9ctrico con paneles solares para dar respuesta a todos los servicios urbanos privados y p\u00fablicos.<\/li>\n<\/ul>\n<p>&nbsp;<\/p>\n<p>&nbsp;<\/p>\n<p>Madrid, 4 de junio de 2018.-\u00a0 la Plaza de Col\u00f3n de Madrid ha acogido la feria del Veh\u00edculo el\u00e9ctrico, VEM 2018, en su cuarta edici\u00f3n para dar a conocer a los ciudadanos las ventajas, capacidades y oferta de la movilidad el\u00e9ctrica.<\/p>\n<p>&nbsp;<\/p>\n<p>En este entorno,\u00a0 Drago ha presentado su oferta 100% el\u00e9ctrica y sostenible, de veh\u00edculos para instituciones y particulares con\u00a0 soluciones de movilidad y servicios, de prestaciones similares a las de los veh\u00edculos convencionales, con una reducci\u00f3n definitiva de consumo de energ\u00eda, contaminaci\u00f3n y ruido.<\/p>\n<p>&nbsp;<\/p>\n<p>El <strong>triciclo de carga con pedaleo asistido, alimentado<\/strong> por placas fotovoltaicas para carga, recogida de residuos o limpieza vial, ha sido la estrella de la feria. Su alimentaci\u00f3n por paneles fotovoltaicos, que contribuyen a reducir de manera definitiva el consumo de energ\u00eda, la contaminaci\u00f3n y el ruido, garantizando una total autonom\u00eda, es la soluci\u00f3n ideal para ciudades como Madrid.<\/p>\n<p>&nbsp;<\/p>\n<p>Tambi\u00e9n los <strong>veh\u00edculos el\u00e9ctricos Alk\u00e9 <\/strong>\u00a0de nueva generaci\u00f3n, con prestaciones comparables o superiores a los convencionales veh\u00edculos di\u00e9sel o gasolina de la misma categor\u00eda, se han mostrado a los visitantes a VEM 2018. Adaptados a las condiciones m\u00e1s duras y exigentes, con capacidad de carga hasta los 1.000 Kg y de remolque hasta 3.000 Kg., sus caracter\u00edsticas permiten posible uso municipal, log\u00edstico-\u00faltima milla, de transporte, agr\u00edcola, industrial, aeroportuario y para catering, entre otros, uniendo actividad silenciosa y contaminaci\u00f3n cero.<\/p>\n<p><strong>\u00a0<\/strong><\/p>\n<p>&nbsp;<\/p>\n<p><strong>Veh\u00edculos DRAGO 100 el\u00e9ctricos:<\/strong><\/p>\n<p>&nbsp;<\/p>\n<p>Drago ofrece, adem\u00e1s:<\/p>\n<p><strong>\u00a0<\/strong><\/p>\n<p><strong>Barredora vial Tenax Electra 1.0<\/strong> de alimentaci\u00f3n y accionamiento 100%\u00a0 el\u00e9ctricos, mecaniza el barrido en espacios a los que solo puede llegar el operador manual y en zonas de alta sensibilidad ambiental. Su autonom\u00eda operativa sin contaminaci\u00f3n asegura una reducci\u00f3n significativa de costes de funcionamiento y mantenimiento.<\/p>\n<p>&nbsp;<\/p>\n<p><strong>Electra 2.0 Neo,<\/strong> la primera y \u00fanica barredora compacta del mundo de accionamiento completamente el\u00e9ctrico. Extraordinario rendimiento, baja emisi\u00f3n ac\u00fastica y tama\u00f1o compacto para la limpieza de centros de ciudades, zonas peatonales, carriles para bicis y \u00e1reas peque\u00f1as y medianas, tanto interiores como exteriores.<\/p>\n<p><strong>\u00a0<\/strong><\/p>\n<p><strong>Barredora de aceras Tenax MaxWind<\/strong> de barrido mec\u00e1nico, aspirante y filtrante, para barrer a alta velocidad residuos de peque\u00f1o y gran tama\u00f1o, pesados y livianos, en distintas superficies incluido terreno con c\u00e9sped. Adem\u00e1s, puede eliminar una gran cantidad de polvo, con o sin agua, y garantiza un filtrado total del polvo fino PM10.<\/p>\n<p>&nbsp;<\/p>\n<p><strong>Electra 2.0 Hydro<\/strong>, primera y \u00fanica baldeadora compacta de funcionamiento completamente el\u00e9ctrico, bater\u00edas de gel, \u00e1cido o litio, autonom\u00eda de entre 8 y 10 horas, m\u00ednimo mantenimiento, tama\u00f1o compacto, sistema de auto diagnosis y funcionamiento pr\u00e1cticamente silencioso.<\/p>\n<p>&nbsp;<\/p>\n","protected":false},"excerpt":{"rendered":"<p>&nbsp; Bajo el lema \u201cDisfruta de Madrid en veh\u00edculo el\u00e9ctrico\u201dse ha celebrado la cuarta edici\u00f3n de VEM, la feria del veh\u00edculo el\u00e9ctrico de la capital. &nbsp; Drago ha exhibido sus veh\u00edculos el\u00e9ctricos de transporte y carga, y su triciclo el\u00e9ctrico con paneles solares para dar respuesta a todos los servicios urbanos privados y p\u00fablicos. &nbsp; &#8230; <a title=\"Veh\u00edculos 100% el\u00e9ctricos de Drago para transporte urbano y carga en VEM 2018, feria del veh\u00edculo el\u00e9ctrico de Madrid\" class=\"read-more\" href=\"https:\/\/www.dra-go.com\/en\/vehiculos-100-electricos-de-drago-para-transporte-urbano-y-carga-en-vem-2018-feria-del-vehiculo-electrico-de-madrid\/\" aria-label=\"Leer m\u00e1s sobre Veh\u00edculos 100% el\u00e9ctricos de Drago para transporte urbano y carga en VEM 2018, feria del veh\u00edculo el\u00e9ctrico de Madrid\">Read more<\/a><\/p>\n","protected":false},"author":2,"featured_media":14736,"comment_status":"closed","ping_status":"open","sticky":false,"template":"","format":"standard","meta":{"inline_featured_image":false,"generate_page_header":"","footnotes":""},"categories":[12],"tags":[],"class_list":["post-14735","post","type-post","status-publish","format-standard","has-post-thumbnail","hentry","category-noticie","no-featured-image-padding"],"yoast_head":"<!-- This site is optimized with the Yoast SEO plugin v27.4 - https:\/\/yoast.com\/product\/yoast-seo-wordpress\/ -->\n<title>Veh\u00edculos 100% el\u00e9ctricos de Drago para transporte urbano y carga en VEM 2018, feria del veh\u00edculo el\u00e9ctrico de Madrid - DRAGOEN<\/title>\n<meta name=\"robots\" content=\"index, follow, max-snippet:-1, max-image-preview:large, max-video-preview:-1\" \/>\n<link rel=\"canonical\" href=\"https:\/\/www.dra-go.com\/en\/vehiculos-100-electricos-de-drago-para-transporte-urbano-y-carga-en-vem-2018-feria-del-vehiculo-electrico-de-madrid\/\" \/>\n<meta property=\"og:locale\" content=\"es_ES\" \/>\n<meta property=\"og:type\" content=\"article\" \/>\n<meta property=\"og:title\" content=\"Veh\u00edculos 100% el\u00e9ctricos de Drago para transporte urbano y carga en VEM 2018, feria del veh\u00edculo el\u00e9ctrico de Madrid - DRAGOEN\" \/>\n<meta property=\"og:description\" content=\"&nbsp; Bajo el lema \u201cDisfruta de Madrid en veh\u00edculo el\u00e9ctrico\u201dse ha celebrado la cuarta edici\u00f3n de VEM, la feria del veh\u00edculo el\u00e9ctrico de la capital. &nbsp; Drago ha exhibido sus veh\u00edculos el\u00e9ctricos de transporte y carga, y su triciclo el\u00e9ctrico con paneles solares para dar respuesta a todos los servicios urbanos privados y p\u00fablicos. &nbsp; ... Read more\" \/>\n<meta property=\"og:url\" content=\"https:\/\/www.dra-go.com\/en\/vehiculos-100-electricos-de-drago-para-transporte-urbano-y-carga-en-vem-2018-feria-del-vehiculo-electrico-de-madrid\/\" \/>\n<meta property=\"og:site_name\" content=\"DRAGOEN\" \/>\n<meta property=\"article:published_time\" content=\"2018-06-04T15:58:44+00:00\" \/>\n<meta property=\"article:modified_time\" content=\"2018-07-20T18:05:51+00:00\" \/>\n<meta property=\"og:image\" content=\"https:\/\/www.dra-go.com\/en\/wp-content\/uploads\/sites\/3\/2018\/06\/IMG-20180604-WA0000-e1528214428694.jpg\" \/>\n\t<meta property=\"og:image:width\" content=\"1200\" \/>\n\t<meta property=\"og:image:height\" content=\"900\" \/>\n\t<meta property=\"og:image:type\" content=\"image\/jpeg\" \/>\n<meta name=\"author\" content=\"Isabel\" \/>\n<meta name=\"twitter:card\" content=\"summary_large_image\" \/>\n<meta name=\"twitter:label1\" content=\"Escrito por\" \/>\n\t<meta name=\"twitter:data1\" content=\"Isabel\" \/>\n\t<meta name=\"twitter:label2\" content=\"Tiempo de lectura\" \/>\n\t<meta name=\"twitter:data2\" content=\"3 minutos\" \/>\n<script type=\"application\/ld+json\" class=\"yoast-schema-graph\">{\"@context\":\"https:\\\/\\\/schema.org\",\"@graph\":[{\"@type\":\"Article\",\"@id\":\"https:\\\/\\\/www.dra-go.com\\\/en\\\/vehiculos-100-electricos-de-drago-para-transporte-urbano-y-carga-en-vem-2018-feria-del-vehiculo-electrico-de-madrid\\\/#article\",\"isPartOf\":{\"@id\":\"https:\\\/\\\/www.dra-go.com\\\/en\\\/vehiculos-100-electricos-de-drago-para-transporte-urbano-y-carga-en-vem-2018-feria-del-vehiculo-electrico-de-madrid\\\/\"},\"author\":{\"name\":\"Isabel\",\"@id\":\"https:\\\/\\\/www.dra-go.com\\\/en\\\/#\\\/schema\\\/person\\\/5ab7e9b61231a2bc8b3d1a9ec71e6cd2\"},\"headline\":\"Veh\u00edculos 100% el\u00e9ctricos de Drago para transporte urbano y carga en VEM 2018, feria del veh\u00edculo el\u00e9ctrico de Madrid\",\"datePublished\":\"2018-06-04T15:58:44+00:00\",\"dateModified\":\"2018-07-20T18:05:51+00:00\",\"mainEntityOfPage\":{\"@id\":\"https:\\\/\\\/www.dra-go.com\\\/en\\\/vehiculos-100-electricos-de-drago-para-transporte-urbano-y-carga-en-vem-2018-feria-del-vehiculo-electrico-de-madrid\\\/\"},\"wordCount\":546,\"publisher\":{\"@id\":\"https:\\\/\\\/www.dra-go.com\\\/en\\\/#organization\"},\"image\":{\"@id\":\"https:\\\/\\\/www.dra-go.com\\\/en\\\/vehiculos-100-electricos-de-drago-para-transporte-urbano-y-carga-en-vem-2018-feria-del-vehiculo-electrico-de-madrid\\\/#primaryimage\"},\"thumbnailUrl\":\"https:\\\/\\\/www.dra-go.com\\\/en\\\/wp-content\\\/uploads\\\/sites\\\/3\\\/2018\\\/06\\\/IMG-20180604-WA0000-e1528214428694.jpg\",\"articleSection\":[\"Notice\"],\"inLanguage\":\"es\"},{\"@type\":\"WebPage\",\"@id\":\"https:\\\/\\\/www.dra-go.com\\\/en\\\/vehiculos-100-electricos-de-drago-para-transporte-urbano-y-carga-en-vem-2018-feria-del-vehiculo-electrico-de-madrid\\\/\",\"url\":\"https:\\\/\\\/www.dra-go.com\\\/en\\\/vehiculos-100-electricos-de-drago-para-transporte-urbano-y-carga-en-vem-2018-feria-del-vehiculo-electrico-de-madrid\\\/\",\"name\":\"Veh\u00edculos 100% el\u00e9ctricos de Drago para transporte urbano y carga en VEM 2018, feria del veh\u00edculo el\u00e9ctrico de Madrid - DRAGOEN\",\"isPartOf\":{\"@id\":\"https:\\\/\\\/www.dra-go.com\\\/en\\\/#website\"},\"primaryImageOfPage\":{\"@id\":\"https:\\\/\\\/www.dra-go.com\\\/en\\\/vehiculos-100-electricos-de-drago-para-transporte-urbano-y-carga-en-vem-2018-feria-del-vehiculo-electrico-de-madrid\\\/#primaryimage\"},\"image\":{\"@id\":\"https:\\\/\\\/www.dra-go.com\\\/en\\\/vehiculos-100-electricos-de-drago-para-transporte-urbano-y-carga-en-vem-2018-feria-del-vehiculo-electrico-de-madrid\\\/#primaryimage\"},\"thumbnailUrl\":\"https:\\\/\\\/www.dra-go.com\\\/en\\\/wp-content\\\/uploads\\\/sites\\\/3\\\/2018\\\/06\\\/IMG-20180604-WA0000-e1528214428694.jpg\",\"datePublished\":\"2018-06-04T15:58:44+00:00\",\"dateModified\":\"2018-07-20T18:05:51+00:00\",\"breadcrumb\":{\"@id\":\"https:\\\/\\\/www.dra-go.com\\\/en\\\/vehiculos-100-electricos-de-drago-para-transporte-urbano-y-carga-en-vem-2018-feria-del-vehiculo-electrico-de-madrid\\\/#breadcrumb\"},\"inLanguage\":\"es\",\"potentialAction\":[{\"@type\":\"ReadAction\",\"target\":[\"https:\\\/\\\/www.dra-go.com\\\/en\\\/vehiculos-100-electricos-de-drago-para-transporte-urbano-y-carga-en-vem-2018-feria-del-vehiculo-electrico-de-madrid\\\/\"]}]},{\"@type\":\"ImageObject\",\"inLanguage\":\"es\",\"@id\":\"https:\\\/\\\/www.dra-go.com\\\/en\\\/vehiculos-100-electricos-de-drago-para-transporte-urbano-y-carga-en-vem-2018-feria-del-vehiculo-electrico-de-madrid\\\/#primaryimage\",\"url\":\"https:\\\/\\\/www.dra-go.com\\\/en\\\/wp-content\\\/uploads\\\/sites\\\/3\\\/2018\\\/06\\\/IMG-20180604-WA0000-e1528214428694.jpg\",\"contentUrl\":\"https:\\\/\\\/www.dra-go.com\\\/en\\\/wp-content\\\/uploads\\\/sites\\\/3\\\/2018\\\/06\\\/IMG-20180604-WA0000-e1528214428694.jpg\",\"width\":1200,\"height\":900},{\"@type\":\"BreadcrumbList\",\"@id\":\"https:\\\/\\\/www.dra-go.com\\\/en\\\/vehiculos-100-electricos-de-drago-para-transporte-urbano-y-carga-en-vem-2018-feria-del-vehiculo-electrico-de-madrid\\\/#breadcrumb\",\"itemListElement\":[{\"@type\":\"ListItem\",\"position\":1,\"name\":\"Portada\",\"item\":\"https:\\\/\\\/www.dra-go.com\\\/en\\\/\"},{\"@type\":\"ListItem\",\"position\":2,\"name\":\"Veh\u00edculos 100% el\u00e9ctricos de Drago para transporte urbano y carga en VEM 2018, feria del veh\u00edculo el\u00e9ctrico de Madrid\"}]},{\"@type\":\"WebSite\",\"@id\":\"https:\\\/\\\/www.dra-go.com\\\/en\\\/#website\",\"url\":\"https:\\\/\\\/www.dra-go.com\\\/en\\\/\",\"name\":\"DRAGOEN\",\"description\":\"Engineering and Services\",\"publisher\":{\"@id\":\"https:\\\/\\\/www.dra-go.com\\\/en\\\/#organization\"},\"potentialAction\":[{\"@type\":\"SearchAction\",\"target\":{\"@type\":\"EntryPoint\",\"urlTemplate\":\"https:\\\/\\\/www.dra-go.com\\\/en\\\/?s={search_term_string}\"},\"query-input\":{\"@type\":\"PropertyValueSpecification\",\"valueRequired\":true,\"valueName\":\"search_term_string\"}}],\"inLanguage\":\"es\"},{\"@type\":\"Organization\",\"@id\":\"https:\\\/\\\/www.dra-go.com\\\/en\\\/#organization\",\"name\":\"DRAGOEN\",\"url\":\"https:\\\/\\\/www.dra-go.com\\\/en\\\/\",\"logo\":{\"@type\":\"ImageObject\",\"inLanguage\":\"es\",\"@id\":\"https:\\\/\\\/www.dra-go.com\\\/en\\\/#\\\/schema\\\/logo\\\/image\\\/\",\"url\":\"https:\\\/\\\/www.dra-go.com\\\/en\\\/wp-content\\\/uploads\\\/sites\\\/3\\\/2023\\\/07\\\/Logo-DRAGO-RGB-AF_PositivoDRAGO.png\",\"contentUrl\":\"https:\\\/\\\/www.dra-go.com\\\/en\\\/wp-content\\\/uploads\\\/sites\\\/3\\\/2023\\\/07\\\/Logo-DRAGO-RGB-AF_PositivoDRAGO.png\",\"width\":1024,\"height\":194,\"caption\":\"DRAGOEN\"},\"image\":{\"@id\":\"https:\\\/\\\/www.dra-go.com\\\/en\\\/#\\\/schema\\\/logo\\\/image\\\/\"}},{\"@type\":\"Person\",\"@id\":\"https:\\\/\\\/www.dra-go.com\\\/en\\\/#\\\/schema\\\/person\\\/5ab7e9b61231a2bc8b3d1a9ec71e6cd2\",\"name\":\"Isabel\",\"image\":{\"@type\":\"ImageObject\",\"inLanguage\":\"es\",\"@id\":\"https:\\\/\\\/secure.gravatar.com\\\/avatar\\\/703ef0073a81160fe7c35840dce33307983fd19f84a4270dfe9ca184465acd5b?s=96&d=mm&r=g\",\"url\":\"https:\\\/\\\/secure.gravatar.com\\\/avatar\\\/703ef0073a81160fe7c35840dce33307983fd19f84a4270dfe9ca184465acd5b?s=96&d=mm&r=g\",\"contentUrl\":\"https:\\\/\\\/secure.gravatar.com\\\/avatar\\\/703ef0073a81160fe7c35840dce33307983fd19f84a4270dfe9ca184465acd5b?s=96&d=mm&r=g\",\"caption\":\"Isabel\"},\"url\":\"https:\\\/\\\/www.dra-go.com\\\/en\\\/author\\\/dragosl\\\/\"}]}<\/script>\n<!-- \/ Yoast SEO plugin. -->","yoast_head_json":{"title":"Veh\u00edculos 100% el\u00e9ctricos de Drago para transporte urbano y carga en VEM 2018, feria del veh\u00edculo el\u00e9ctrico de Madrid - DRAGOEN","robots":{"index":"index","follow":"follow","max-snippet":"max-snippet:-1","max-image-preview":"max-image-preview:large","max-video-preview":"max-video-preview:-1"},"canonical":"https:\/\/www.dra-go.com\/en\/vehiculos-100-electricos-de-drago-para-transporte-urbano-y-carga-en-vem-2018-feria-del-vehiculo-electrico-de-madrid\/","og_locale":"es_ES","og_type":"article","og_title":"Veh\u00edculos 100% el\u00e9ctricos de Drago para transporte urbano y carga en VEM 2018, feria del veh\u00edculo el\u00e9ctrico de Madrid - DRAGOEN","og_description":"&nbsp; Bajo el lema \u201cDisfruta de Madrid en veh\u00edculo el\u00e9ctrico\u201dse ha celebrado la cuarta edici\u00f3n de VEM, la feria del veh\u00edculo el\u00e9ctrico de la capital. &nbsp; Drago ha exhibido sus veh\u00edculos el\u00e9ctricos de transporte y carga, y su triciclo el\u00e9ctrico con paneles solares para dar respuesta a todos los servicios urbanos privados y p\u00fablicos. &nbsp; ... Read more","og_url":"https:\/\/www.dra-go.com\/en\/vehiculos-100-electricos-de-drago-para-transporte-urbano-y-carga-en-vem-2018-feria-del-vehiculo-electrico-de-madrid\/","og_site_name":"DRAGOEN","article_published_time":"2018-06-04T15:58:44+00:00","article_modified_time":"2018-07-20T18:05:51+00:00","og_image":[{"width":1200,"height":900,"url":"https:\/\/www.dra-go.com\/en\/wp-content\/uploads\/sites\/3\/2018\/06\/IMG-20180604-WA0000-e1528214428694.jpg","type":"image\/jpeg"}],"author":"Isabel","twitter_card":"summary_large_image","twitter_misc":{"Escrito por":"Isabel","Tiempo de lectura":"3 minutos"},"schema":{"@context":"https:\/\/schema.org","@graph":[{"@type":"Article","@id":"https:\/\/www.dra-go.com\/en\/vehiculos-100-electricos-de-drago-para-transporte-urbano-y-carga-en-vem-2018-feria-del-vehiculo-electrico-de-madrid\/#article","isPartOf":{"@id":"https:\/\/www.dra-go.com\/en\/vehiculos-100-electricos-de-drago-para-transporte-urbano-y-carga-en-vem-2018-feria-del-vehiculo-electrico-de-madrid\/"},"author":{"name":"Isabel","@id":"https:\/\/www.dra-go.com\/en\/#\/schema\/person\/5ab7e9b61231a2bc8b3d1a9ec71e6cd2"},"headline":"Veh\u00edculos 100% el\u00e9ctricos de Drago para transporte urbano y carga en VEM 2018, feria del veh\u00edculo el\u00e9ctrico de Madrid","datePublished":"2018-06-04T15:58:44+00:00","dateModified":"2018-07-20T18:05:51+00:00","mainEntityOfPage":{"@id":"https:\/\/www.dra-go.com\/en\/vehiculos-100-electricos-de-drago-para-transporte-urbano-y-carga-en-vem-2018-feria-del-vehiculo-electrico-de-madrid\/"},"wordCount":546,"publisher":{"@id":"https:\/\/www.dra-go.com\/en\/#organization"},"image":{"@id":"https:\/\/www.dra-go.com\/en\/vehiculos-100-electricos-de-drago-para-transporte-urbano-y-carga-en-vem-2018-feria-del-vehiculo-electrico-de-madrid\/#primaryimage"},"thumbnailUrl":"https:\/\/www.dra-go.com\/en\/wp-content\/uploads\/sites\/3\/2018\/06\/IMG-20180604-WA0000-e1528214428694.jpg","articleSection":["Notice"],"inLanguage":"es"},{"@type":"WebPage","@id":"https:\/\/www.dra-go.com\/en\/vehiculos-100-electricos-de-drago-para-transporte-urbano-y-carga-en-vem-2018-feria-del-vehiculo-electrico-de-madrid\/","url":"https:\/\/www.dra-go.com\/en\/vehiculos-100-electricos-de-drago-para-transporte-urbano-y-carga-en-vem-2018-feria-del-vehiculo-electrico-de-madrid\/","name":"Veh\u00edculos 100% el\u00e9ctricos de Drago para transporte urbano y carga en VEM 2018, feria del veh\u00edculo el\u00e9ctrico de Madrid - DRAGOEN","isPartOf":{"@id":"https:\/\/www.dra-go.com\/en\/#website"},"primaryImageOfPage":{"@id":"https:\/\/www.dra-go.com\/en\/vehiculos-100-electricos-de-drago-para-transporte-urbano-y-carga-en-vem-2018-feria-del-vehiculo-electrico-de-madrid\/#primaryimage"},"image":{"@id":"https:\/\/www.dra-go.com\/en\/vehiculos-100-electricos-de-drago-para-transporte-urbano-y-carga-en-vem-2018-feria-del-vehiculo-electrico-de-madrid\/#primaryimage"},"thumbnailUrl":"https:\/\/www.dra-go.com\/en\/wp-content\/uploads\/sites\/3\/2018\/06\/IMG-20180604-WA0000-e1528214428694.jpg","datePublished":"2018-06-04T15:58:44+00:00","dateModified":"2018-07-20T18:05:51+00:00","breadcrumb":{"@id":"https:\/\/www.dra-go.com\/en\/vehiculos-100-electricos-de-drago-para-transporte-urbano-y-carga-en-vem-2018-feria-del-vehiculo-electrico-de-madrid\/#breadcrumb"},"inLanguage":"es","potentialAction":[{"@type":"ReadAction","target":["https:\/\/www.dra-go.com\/en\/vehiculos-100-electricos-de-drago-para-transporte-urbano-y-carga-en-vem-2018-feria-del-vehiculo-electrico-de-madrid\/"]}]},{"@type":"ImageObject","inLanguage":"es","@id":"https:\/\/www.dra-go.com\/en\/vehiculos-100-electricos-de-drago-para-transporte-urbano-y-carga-en-vem-2018-feria-del-vehiculo-electrico-de-madrid\/#primaryimage","url":"https:\/\/www.dra-go.com\/en\/wp-content\/uploads\/sites\/3\/2018\/06\/IMG-20180604-WA0000-e1528214428694.jpg","contentUrl":"https:\/\/www.dra-go.com\/en\/wp-content\/uploads\/sites\/3\/2018\/06\/IMG-20180604-WA0000-e1528214428694.jpg","width":1200,"height":900},{"@type":"BreadcrumbList","@id":"https:\/\/www.dra-go.com\/en\/vehiculos-100-electricos-de-drago-para-transporte-urbano-y-carga-en-vem-2018-feria-del-vehiculo-electrico-de-madrid\/#breadcrumb","itemListElement":[{"@type":"ListItem","position":1,"name":"Portada","item":"https:\/\/www.dra-go.com\/en\/"},{"@type":"ListItem","position":2,"name":"Veh\u00edculos 100% el\u00e9ctricos de Drago para transporte urbano y carga en VEM 2018, feria del veh\u00edculo el\u00e9ctrico de Madrid"}]},{"@type":"WebSite","@id":"https:\/\/www.dra-go.com\/en\/#website","url":"https:\/\/www.dra-go.com\/en\/","name":"DRAGOEN","description":"Engineering and Services","publisher":{"@id":"https:\/\/www.dra-go.com\/en\/#organization"},"potentialAction":[{"@type":"SearchAction","target":{"@type":"EntryPoint","urlTemplate":"https:\/\/www.dra-go.com\/en\/?s={search_term_string}"},"query-input":{"@type":"PropertyValueSpecification","valueRequired":true,"valueName":"search_term_string"}}],"inLanguage":"es"},{"@type":"Organization","@id":"https:\/\/www.dra-go.com\/en\/#organization","name":"DRAGOEN","url":"https:\/\/www.dra-go.com\/en\/","logo":{"@type":"ImageObject","inLanguage":"es","@id":"https:\/\/www.dra-go.com\/en\/#\/schema\/logo\/image\/","url":"https:\/\/www.dra-go.com\/en\/wp-content\/uploads\/sites\/3\/2023\/07\/Logo-DRAGO-RGB-AF_PositivoDRAGO.png","contentUrl":"https:\/\/www.dra-go.com\/en\/wp-content\/uploads\/sites\/3\/2023\/07\/Logo-DRAGO-RGB-AF_PositivoDRAGO.png","width":1024,"height":194,"caption":"DRAGOEN"},"image":{"@id":"https:\/\/www.dra-go.com\/en\/#\/schema\/logo\/image\/"}},{"@type":"Person","@id":"https:\/\/www.dra-go.com\/en\/#\/schema\/person\/5ab7e9b61231a2bc8b3d1a9ec71e6cd2","name":"Isabel","image":{"@type":"ImageObject","inLanguage":"es","@id":"https:\/\/secure.gravatar.com\/avatar\/703ef0073a81160fe7c35840dce33307983fd19f84a4270dfe9ca184465acd5b?s=96&d=mm&r=g","url":"https:\/\/secure.gravatar.com\/avatar\/703ef0073a81160fe7c35840dce33307983fd19f84a4270dfe9ca184465acd5b?s=96&d=mm&r=g","contentUrl":"https:\/\/secure.gravatar.com\/avatar\/703ef0073a81160fe7c35840dce33307983fd19f84a4270dfe9ca184465acd5b?s=96&d=mm&r=g","caption":"Isabel"},"url":"https:\/\/www.dra-go.com\/en\/author\/dragosl\/"}]}},"_links":{"self":[{"href":"https:\/\/www.dra-go.com\/en\/wp-json\/wp\/v2\/posts\/14735","targetHints":{"allow":["GET"]}}],"collection":[{"href":"https:\/\/www.dra-go.com\/en\/wp-json\/wp\/v2\/posts"}],"about":[{"href":"https:\/\/www.dra-go.com\/en\/wp-json\/wp\/v2\/types\/post"}],"author":[{"embeddable":true,"href":"https:\/\/www.dra-go.com\/en\/wp-json\/wp\/v2\/users\/2"}],"replies":[{"embeddable":true,"href":"https:\/\/www.dra-go.com\/en\/wp-json\/wp\/v2\/comments?post=14735"}],"version-history":[{"count":3,"href":"https:\/\/www.dra-go.com\/en\/wp-json\/wp\/v2\/posts\/14735\/revisions"}],"predecessor-version":[{"id":14739,"href":"https:\/\/www.dra-go.com\/en\/wp-json\/wp\/v2\/posts\/14735\/revisions\/14739"}],"wp:featuredmedia":[{"embeddable":true,"href":"https:\/\/www.dra-go.com\/en\/wp-json\/wp\/v2\/media\/14736"}],"wp:attachment":[{"href":"https:\/\/www.dra-go.com\/en\/wp-json\/wp\/v2\/media?parent=14735"}],"wp:term":[{"taxonomy":"category","embeddable":true,"href":"https:\/\/www.dra-go.com\/en\/wp-json\/wp\/v2\/categories?post=14735"},{"taxonomy":"post_tag","embeddable":true,"href":"https:\/\/www.dra-go.com\/en\/wp-json\/wp\/v2\/tags?post=14735"}],"curies":[{"name":"wp","href":"https:\/\/api.w.org\/{rel}","templated":true}]}}