{"id":14150,"date":"2016-11-15T09:00:05","date_gmt":"2016-11-15T09:00:05","guid":{"rendered":"http:\/\/www.dra-go.com\/?p=14150"},"modified":"2018-07-20T18:06:35","modified_gmt":"2018-07-20T18:06:35","slug":"xxiv-jornadas-tecnicas-de-medio-ambiente","status":"publish","type":"post","link":"https:\/\/www.dra-go.com\/en\/xxiv-jornadas-tecnicas-de-medio-ambiente\/","title":{"rendered":"En el transcurso de las  XXIV JORNADAS T\u00c9CNICAS DE MEDIO AMBIENTE de la Asociaci\u00f3n Nacional de Empresas P\u00fablicas de Medioambiente (ANEPMA)"},"content":{"rendered":"<h2><strong>Drago presenta en Espa\u00f1a <em>Electra 2.0,<\/em><\/strong><strong>la primera barredora del mercado 100% el\u00e9ctrica<\/strong><\/h2>\n<p>&nbsp;<\/p>\n<ul>\n<li><em>Electra 2.0.<\/em>es la primera barredora vial aspirante queno emite a la atm\u00f3sfera ning\u00fan tipo de gas ni part\u00edculas nocivas y disminuye la contaminaci\u00f3n ac\u00fastica a niveles m\u00ednimos.<\/li>\n<\/ul>\n<p>&nbsp;<\/p>\n<ul>\n<li>En el marco del Horizonte 2020 -Programa Marco de Investigaci\u00f3n e Innovaci\u00f3n de la UE-la Comisi\u00f3n Europea plantea como objetivo el reciclado del 65% de los residuos municipales.<\/li>\n<\/ul>\n<p>&nbsp;<\/p>\n<ul>\n<li>Las XXIV Jornadas T\u00e9cnicas de Medio Ambiente de la ANEPMA,inauguradas por el Sr. Guillermo Fern\u00e1ndez Vara Presidente de la Junta de Extremadura, re\u00fanen a m\u00e1s de 20 expositores, empresas e instituciones.<\/li>\n<\/ul>\n<p>&nbsp;<\/p>\n<p>M\u00e9rida, 15 de noviembre de 2016.-\u00a0 Drago, holding empresarial espa\u00f1oldedicadoa dar al cliente un servicio globalde venta, arrendamiento, transformaci\u00f3n, mantenimiento, y recompra de veh\u00edculos singularesy respetuosos con el medioambiente urbano, presenta en Espa\u00f1a, en el transcurso de las\u00a0 XXIV Jornadas T\u00e9cnicas de Medio Ambiente de la ANEPMA que se est\u00e1n celebrando en M\u00e9rida entre el 15 y 17 de noviembre, la primera barredora del mercado 100% el\u00e9ctrica, <em>Electra 2.0.<\/em><\/p>\n<p>&nbsp;<\/p>\n<p><em>Electra 2.0<\/em>es la primera barredora vial aspirante 1.5 m<sup>3<\/sup>, 100% el\u00e9ctrica que,\u00a0a diferencia de las barredoras de motor de combusti\u00f3n interna, no emite a la atm\u00f3sfera ning\u00fan tipo de gas ni part\u00edcula nociva (di\u00f3xido de carbono (CO2), mon\u00f3xido de carbono, o resto de part\u00edculas contaminantes), por lo que su modelo de limpieza es el \u00fanico totalmente sostenible y respetuoso con el medio ambiente. Adem\u00e1s, <em>Electra 2.0<\/em>disminuye la contaminaci\u00f3n ac\u00fastica a niveles m\u00ednimos.<\/p>\n<p>&nbsp;<\/p>\n<p>Drago representa un nuevo modelo de negocio basado en la eco-eficiencia facilitando la transici\u00f3n hacia una limpieza y recogida viaria ecol\u00f3gica. Seg\u00fan asegur\u00f3 Luis Lazaga, Director General de Drago \u201cSer la primera compa\u00f1\u00eda en Espa\u00f1a en ofrecer al mercado la primera barredora 100% el\u00e9ctrica, \u00a0totalmente sostenible y respetuosa con el medio ambiente, y contribuir a que los ayuntamientos alcancen los objetivos del Horizonte 2020 planteados por la UE, es el exitoso resultado del trabajo y esfuerzo de todo nuestro equipo puesto al servicio de las necesidades de nuestros clientes\u201d.<\/p>\n<p>&nbsp;<\/p>\n<p>En el marco del Horizonte 2020, Programa Marco de Investigaci\u00f3n e Innovaci\u00f3n de la UE,la Comisi\u00f3n Europea plantea como objetivo el reciclado del 65% de los residuos municipales, lo que obligar\u00e1 a empresas e instituciones a adoptar nuevas tecnolog\u00edas en el tratamiento de residuos que pasaran, necesariamente, por la m\u00ednima emisi\u00f3n de agentes contaminantes y el m\u00ednimo impacto en los ciudadanos.<\/p>\n<p>&nbsp;<\/p>\n<p>Las\u00a0 XXIV Jornadas T\u00e9cnicas de Medio Ambiente de la ANEPMA re\u00fanen a m\u00e1s de 20 expositores y a las empresas m\u00e1s representativas del sector en torno a la recogida y tratamiento de residuos, el reciclaje, el cuidado del medioambiente o la m\u00ednima emisi\u00f3n\u00a0 de contaminantes en entornos urbanos.<\/p>\n<p><strong>\u00a0<\/strong><\/p>\n<h2><strong>Drago, informaci\u00f3n corporativa<\/strong><\/h2>\n<p>&nbsp;<\/p>\n<p>DRAGO data del 2007, a\u00f1o en el que inici\u00f3 su actividad de venta, arrendamiento, transformaci\u00f3n, mantenimiento, y recompra de veh\u00edculos singulares para el mercado aeroportuario. Actualmente ofrece los mismos servicios\u00a0en el sector del Medio Ambiente, incluyendo un amplio rango de equipos muy contrastados en el mercado internacional.<\/p>\n<p>&nbsp;<\/p>\n<p>La compa\u00f1\u00eda tiene vocaci\u00f3n de liderar un nuevo modelo de negocio basado en la eco-eficiencia y la sostenibilidad medioambiental fundamentado en tres grandes l\u00edneas de negocio: dise\u00f1o, construcci\u00f3n, ensamblaje, modificaci\u00f3n y homologaci\u00f3n de equipos y veh\u00edculos; suministro en modalidad de venta y arrendamiento de equipamiento y veh\u00edculos para servicios medioambientales urbanos; \u00a0y mantenimiento preventivo y correctivo de veh\u00edculos y equipos.<\/p>\n<p>&nbsp;<\/p>\n<p>Con oficinas centrales en Madrid,\u00a0 cuenta con instalaciones propias en Casarrubios del Monte (Toledo) y Tenerife.<\/p>\n","protected":false},"excerpt":{"rendered":"<p>Drago presenta en Espa\u00f1a Electra 2.0,la primera barredora del mercado 100% el\u00e9ctrica &nbsp; Electra 2.0.es la primera barredora vial aspirante queno emite a la atm\u00f3sfera ning\u00fan tipo de gas ni part\u00edculas nocivas y disminuye la contaminaci\u00f3n ac\u00fastica a niveles m\u00ednimos. &nbsp; En el marco del Horizonte 2020 -Programa Marco de Investigaci\u00f3n e Innovaci\u00f3n de la &#8230; <a title=\"En el transcurso de las  XXIV JORNADAS T\u00c9CNICAS DE MEDIO AMBIENTE de la Asociaci\u00f3n Nacional de Empresas P\u00fablicas de Medioambiente (ANEPMA)\" class=\"read-more\" href=\"https:\/\/www.dra-go.com\/en\/xxiv-jornadas-tecnicas-de-medio-ambiente\/\" aria-label=\"Leer m\u00e1s sobre En el transcurso de las  XXIV JORNADAS T\u00c9CNICAS DE MEDIO AMBIENTE de la Asociaci\u00f3n Nacional de Empresas P\u00fablicas de Medioambiente (ANEPMA)\">Read more<\/a><\/p>\n","protected":false},"author":2,"featured_media":14625,"comment_status":"closed","ping_status":"open","sticky":false,"template":"","format":"standard","meta":{"inline_featured_image":false,"generate_page_header":"","footnotes":""},"categories":[12],"tags":[],"class_list":["post-14150","post","type-post","status-publish","format-standard","has-post-thumbnail","hentry","category-noticie","no-featured-image-padding"],"yoast_head":"<!-- This site is optimized with the Yoast SEO plugin v27.4 - https:\/\/yoast.com\/product\/yoast-seo-wordpress\/ -->\n<title>En el transcurso de las XXIV JORNADAS T\u00c9CNICAS DE MEDIO AMBIENTE de la Asociaci\u00f3n Nacional de Empresas P\u00fablicas de Medioambiente (ANEPMA) - DRAGOEN<\/title>\n<meta name=\"robots\" content=\"index, follow, max-snippet:-1, max-image-preview:large, max-video-preview:-1\" \/>\n<link rel=\"canonical\" href=\"https:\/\/www.dra-go.com\/en\/xxiv-jornadas-tecnicas-de-medio-ambiente\/\" \/>\n<meta property=\"og:locale\" content=\"es_ES\" \/>\n<meta property=\"og:type\" content=\"article\" \/>\n<meta property=\"og:title\" content=\"En el transcurso de las XXIV JORNADAS T\u00c9CNICAS DE MEDIO AMBIENTE de la Asociaci\u00f3n Nacional de Empresas P\u00fablicas de Medioambiente (ANEPMA) - DRAGOEN\" \/>\n<meta property=\"og:description\" content=\"Drago presenta en Espa\u00f1a Electra 2.0,la primera barredora del mercado 100% el\u00e9ctrica &nbsp; Electra 2.0.es la primera barredora vial aspirante queno emite a la atm\u00f3sfera ning\u00fan tipo de gas ni part\u00edculas nocivas y disminuye la contaminaci\u00f3n ac\u00fastica a niveles m\u00ednimos. &nbsp; En el marco del Horizonte 2020 -Programa Marco de Investigaci\u00f3n e Innovaci\u00f3n de la ... Read more\" \/>\n<meta property=\"og:url\" content=\"https:\/\/www.dra-go.com\/en\/xxiv-jornadas-tecnicas-de-medio-ambiente\/\" \/>\n<meta property=\"og:site_name\" content=\"DRAGOEN\" \/>\n<meta property=\"article:published_time\" content=\"2016-11-15T09:00:05+00:00\" \/>\n<meta property=\"article:modified_time\" content=\"2018-07-20T18:06:35+00:00\" \/>\n<meta property=\"og:image\" content=\"https:\/\/www.dra-go.com\/en\/wp-content\/uploads\/sites\/3\/2016\/11\/Electra-2-barredoraElectrica.jpg\" \/>\n\t<meta property=\"og:image:width\" content=\"632\" \/>\n\t<meta property=\"og:image:height\" content=\"452\" \/>\n\t<meta property=\"og:image:type\" content=\"image\/jpeg\" \/>\n<meta name=\"author\" content=\"Isabel\" \/>\n<meta name=\"twitter:card\" content=\"summary_large_image\" \/>\n<meta name=\"twitter:label1\" content=\"Escrito por\" \/>\n\t<meta name=\"twitter:data1\" content=\"Isabel\" \/>\n\t<meta name=\"twitter:label2\" content=\"Tiempo de lectura\" \/>\n\t<meta name=\"twitter:data2\" content=\"3 minutos\" \/>\n<script type=\"application\/ld+json\" class=\"yoast-schema-graph\">{\"@context\":\"https:\\\/\\\/schema.org\",\"@graph\":[{\"@type\":\"Article\",\"@id\":\"https:\\\/\\\/www.dra-go.com\\\/en\\\/xxiv-jornadas-tecnicas-de-medio-ambiente\\\/#article\",\"isPartOf\":{\"@id\":\"https:\\\/\\\/www.dra-go.com\\\/en\\\/xxiv-jornadas-tecnicas-de-medio-ambiente\\\/\"},\"author\":{\"name\":\"Isabel\",\"@id\":\"https:\\\/\\\/www.dra-go.com\\\/en\\\/#\\\/schema\\\/person\\\/5ab7e9b61231a2bc8b3d1a9ec71e6cd2\"},\"headline\":\"En el transcurso de las XXIV JORNADAS T\u00c9CNICAS DE MEDIO AMBIENTE de la Asociaci\u00f3n Nacional de Empresas P\u00fablicas de Medioambiente (ANEPMA)\",\"datePublished\":\"2016-11-15T09:00:05+00:00\",\"dateModified\":\"2018-07-20T18:06:35+00:00\",\"mainEntityOfPage\":{\"@id\":\"https:\\\/\\\/www.dra-go.com\\\/en\\\/xxiv-jornadas-tecnicas-de-medio-ambiente\\\/\"},\"wordCount\":654,\"publisher\":{\"@id\":\"https:\\\/\\\/www.dra-go.com\\\/en\\\/#organization\"},\"image\":{\"@id\":\"https:\\\/\\\/www.dra-go.com\\\/en\\\/xxiv-jornadas-tecnicas-de-medio-ambiente\\\/#primaryimage\"},\"thumbnailUrl\":\"https:\\\/\\\/www.dra-go.com\\\/en\\\/wp-content\\\/uploads\\\/sites\\\/3\\\/2016\\\/11\\\/Electra-2-barredoraElectrica.jpg\",\"articleSection\":[\"Notice\"],\"inLanguage\":\"es\"},{\"@type\":\"WebPage\",\"@id\":\"https:\\\/\\\/www.dra-go.com\\\/en\\\/xxiv-jornadas-tecnicas-de-medio-ambiente\\\/\",\"url\":\"https:\\\/\\\/www.dra-go.com\\\/en\\\/xxiv-jornadas-tecnicas-de-medio-ambiente\\\/\",\"name\":\"En el transcurso de las XXIV JORNADAS T\u00c9CNICAS DE MEDIO AMBIENTE de la Asociaci\u00f3n Nacional de Empresas P\u00fablicas de Medioambiente (ANEPMA) - DRAGOEN\",\"isPartOf\":{\"@id\":\"https:\\\/\\\/www.dra-go.com\\\/en\\\/#website\"},\"primaryImageOfPage\":{\"@id\":\"https:\\\/\\\/www.dra-go.com\\\/en\\\/xxiv-jornadas-tecnicas-de-medio-ambiente\\\/#primaryimage\"},\"image\":{\"@id\":\"https:\\\/\\\/www.dra-go.com\\\/en\\\/xxiv-jornadas-tecnicas-de-medio-ambiente\\\/#primaryimage\"},\"thumbnailUrl\":\"https:\\\/\\\/www.dra-go.com\\\/en\\\/wp-content\\\/uploads\\\/sites\\\/3\\\/2016\\\/11\\\/Electra-2-barredoraElectrica.jpg\",\"datePublished\":\"2016-11-15T09:00:05+00:00\",\"dateModified\":\"2018-07-20T18:06:35+00:00\",\"breadcrumb\":{\"@id\":\"https:\\\/\\\/www.dra-go.com\\\/en\\\/xxiv-jornadas-tecnicas-de-medio-ambiente\\\/#breadcrumb\"},\"inLanguage\":\"es\",\"potentialAction\":[{\"@type\":\"ReadAction\",\"target\":[\"https:\\\/\\\/www.dra-go.com\\\/en\\\/xxiv-jornadas-tecnicas-de-medio-ambiente\\\/\"]}]},{\"@type\":\"ImageObject\",\"inLanguage\":\"es\",\"@id\":\"https:\\\/\\\/www.dra-go.com\\\/en\\\/xxiv-jornadas-tecnicas-de-medio-ambiente\\\/#primaryimage\",\"url\":\"https:\\\/\\\/www.dra-go.com\\\/en\\\/wp-content\\\/uploads\\\/sites\\\/3\\\/2016\\\/11\\\/Electra-2-barredoraElectrica.jpg\",\"contentUrl\":\"https:\\\/\\\/www.dra-go.com\\\/en\\\/wp-content\\\/uploads\\\/sites\\\/3\\\/2016\\\/11\\\/Electra-2-barredoraElectrica.jpg\",\"width\":632,\"height\":452,\"caption\":\"Electra 2.0 Barredora el\u00e9ctrica\"},{\"@type\":\"BreadcrumbList\",\"@id\":\"https:\\\/\\\/www.dra-go.com\\\/en\\\/xxiv-jornadas-tecnicas-de-medio-ambiente\\\/#breadcrumb\",\"itemListElement\":[{\"@type\":\"ListItem\",\"position\":1,\"name\":\"Portada\",\"item\":\"https:\\\/\\\/www.dra-go.com\\\/en\\\/\"},{\"@type\":\"ListItem\",\"position\":2,\"name\":\"En el transcurso de las XXIV JORNADAS T\u00c9CNICAS DE MEDIO AMBIENTE de la Asociaci\u00f3n Nacional de Empresas P\u00fablicas de Medioambiente (ANEPMA)\"}]},{\"@type\":\"WebSite\",\"@id\":\"https:\\\/\\\/www.dra-go.com\\\/en\\\/#website\",\"url\":\"https:\\\/\\\/www.dra-go.com\\\/en\\\/\",\"name\":\"DRAGOEN\",\"description\":\"Engineering and Services\",\"publisher\":{\"@id\":\"https:\\\/\\\/www.dra-go.com\\\/en\\\/#organization\"},\"potentialAction\":[{\"@type\":\"SearchAction\",\"target\":{\"@type\":\"EntryPoint\",\"urlTemplate\":\"https:\\\/\\\/www.dra-go.com\\\/en\\\/?s={search_term_string}\"},\"query-input\":{\"@type\":\"PropertyValueSpecification\",\"valueRequired\":true,\"valueName\":\"search_term_string\"}}],\"inLanguage\":\"es\"},{\"@type\":\"Organization\",\"@id\":\"https:\\\/\\\/www.dra-go.com\\\/en\\\/#organization\",\"name\":\"DRAGOEN\",\"url\":\"https:\\\/\\\/www.dra-go.com\\\/en\\\/\",\"logo\":{\"@type\":\"ImageObject\",\"inLanguage\":\"es\",\"@id\":\"https:\\\/\\\/www.dra-go.com\\\/en\\\/#\\\/schema\\\/logo\\\/image\\\/\",\"url\":\"https:\\\/\\\/www.dra-go.com\\\/en\\\/wp-content\\\/uploads\\\/sites\\\/3\\\/2023\\\/07\\\/Logo-DRAGO-RGB-AF_PositivoDRAGO.png\",\"contentUrl\":\"https:\\\/\\\/www.dra-go.com\\\/en\\\/wp-content\\\/uploads\\\/sites\\\/3\\\/2023\\\/07\\\/Logo-DRAGO-RGB-AF_PositivoDRAGO.png\",\"width\":1024,\"height\":194,\"caption\":\"DRAGOEN\"},\"image\":{\"@id\":\"https:\\\/\\\/www.dra-go.com\\\/en\\\/#\\\/schema\\\/logo\\\/image\\\/\"}},{\"@type\":\"Person\",\"@id\":\"https:\\\/\\\/www.dra-go.com\\\/en\\\/#\\\/schema\\\/person\\\/5ab7e9b61231a2bc8b3d1a9ec71e6cd2\",\"name\":\"Isabel\",\"image\":{\"@type\":\"ImageObject\",\"inLanguage\":\"es\",\"@id\":\"https:\\\/\\\/secure.gravatar.com\\\/avatar\\\/703ef0073a81160fe7c35840dce33307983fd19f84a4270dfe9ca184465acd5b?s=96&d=mm&r=g\",\"url\":\"https:\\\/\\\/secure.gravatar.com\\\/avatar\\\/703ef0073a81160fe7c35840dce33307983fd19f84a4270dfe9ca184465acd5b?s=96&d=mm&r=g\",\"contentUrl\":\"https:\\\/\\\/secure.gravatar.com\\\/avatar\\\/703ef0073a81160fe7c35840dce33307983fd19f84a4270dfe9ca184465acd5b?s=96&d=mm&r=g\",\"caption\":\"Isabel\"},\"url\":\"https:\\\/\\\/www.dra-go.com\\\/en\\\/author\\\/dragosl\\\/\"}]}<\/script>\n<!-- \/ Yoast SEO plugin. -->","yoast_head_json":{"title":"En el transcurso de las XXIV JORNADAS T\u00c9CNICAS DE MEDIO AMBIENTE de la Asociaci\u00f3n Nacional de Empresas P\u00fablicas de Medioambiente (ANEPMA) - DRAGOEN","robots":{"index":"index","follow":"follow","max-snippet":"max-snippet:-1","max-image-preview":"max-image-preview:large","max-video-preview":"max-video-preview:-1"},"canonical":"https:\/\/www.dra-go.com\/en\/xxiv-jornadas-tecnicas-de-medio-ambiente\/","og_locale":"es_ES","og_type":"article","og_title":"En el transcurso de las XXIV JORNADAS T\u00c9CNICAS DE MEDIO AMBIENTE de la Asociaci\u00f3n Nacional de Empresas P\u00fablicas de Medioambiente (ANEPMA) - DRAGOEN","og_description":"Drago presenta en Espa\u00f1a Electra 2.0,la primera barredora del mercado 100% el\u00e9ctrica &nbsp; Electra 2.0.es la primera barredora vial aspirante queno emite a la atm\u00f3sfera ning\u00fan tipo de gas ni part\u00edculas nocivas y disminuye la contaminaci\u00f3n ac\u00fastica a niveles m\u00ednimos. &nbsp; En el marco del Horizonte 2020 -Programa Marco de Investigaci\u00f3n e Innovaci\u00f3n de la ... Read more","og_url":"https:\/\/www.dra-go.com\/en\/xxiv-jornadas-tecnicas-de-medio-ambiente\/","og_site_name":"DRAGOEN","article_published_time":"2016-11-15T09:00:05+00:00","article_modified_time":"2018-07-20T18:06:35+00:00","og_image":[{"width":632,"height":452,"url":"https:\/\/www.dra-go.com\/en\/wp-content\/uploads\/sites\/3\/2016\/11\/Electra-2-barredoraElectrica.jpg","type":"image\/jpeg"}],"author":"Isabel","twitter_card":"summary_large_image","twitter_misc":{"Escrito por":"Isabel","Tiempo de lectura":"3 minutos"},"schema":{"@context":"https:\/\/schema.org","@graph":[{"@type":"Article","@id":"https:\/\/www.dra-go.com\/en\/xxiv-jornadas-tecnicas-de-medio-ambiente\/#article","isPartOf":{"@id":"https:\/\/www.dra-go.com\/en\/xxiv-jornadas-tecnicas-de-medio-ambiente\/"},"author":{"name":"Isabel","@id":"https:\/\/www.dra-go.com\/en\/#\/schema\/person\/5ab7e9b61231a2bc8b3d1a9ec71e6cd2"},"headline":"En el transcurso de las XXIV JORNADAS T\u00c9CNICAS DE MEDIO AMBIENTE de la Asociaci\u00f3n Nacional de Empresas P\u00fablicas de Medioambiente (ANEPMA)","datePublished":"2016-11-15T09:00:05+00:00","dateModified":"2018-07-20T18:06:35+00:00","mainEntityOfPage":{"@id":"https:\/\/www.dra-go.com\/en\/xxiv-jornadas-tecnicas-de-medio-ambiente\/"},"wordCount":654,"publisher":{"@id":"https:\/\/www.dra-go.com\/en\/#organization"},"image":{"@id":"https:\/\/www.dra-go.com\/en\/xxiv-jornadas-tecnicas-de-medio-ambiente\/#primaryimage"},"thumbnailUrl":"https:\/\/www.dra-go.com\/en\/wp-content\/uploads\/sites\/3\/2016\/11\/Electra-2-barredoraElectrica.jpg","articleSection":["Notice"],"inLanguage":"es"},{"@type":"WebPage","@id":"https:\/\/www.dra-go.com\/en\/xxiv-jornadas-tecnicas-de-medio-ambiente\/","url":"https:\/\/www.dra-go.com\/en\/xxiv-jornadas-tecnicas-de-medio-ambiente\/","name":"En el transcurso de las XXIV JORNADAS T\u00c9CNICAS DE MEDIO AMBIENTE de la Asociaci\u00f3n Nacional de Empresas P\u00fablicas de Medioambiente (ANEPMA) - DRAGOEN","isPartOf":{"@id":"https:\/\/www.dra-go.com\/en\/#website"},"primaryImageOfPage":{"@id":"https:\/\/www.dra-go.com\/en\/xxiv-jornadas-tecnicas-de-medio-ambiente\/#primaryimage"},"image":{"@id":"https:\/\/www.dra-go.com\/en\/xxiv-jornadas-tecnicas-de-medio-ambiente\/#primaryimage"},"thumbnailUrl":"https:\/\/www.dra-go.com\/en\/wp-content\/uploads\/sites\/3\/2016\/11\/Electra-2-barredoraElectrica.jpg","datePublished":"2016-11-15T09:00:05+00:00","dateModified":"2018-07-20T18:06:35+00:00","breadcrumb":{"@id":"https:\/\/www.dra-go.com\/en\/xxiv-jornadas-tecnicas-de-medio-ambiente\/#breadcrumb"},"inLanguage":"es","potentialAction":[{"@type":"ReadAction","target":["https:\/\/www.dra-go.com\/en\/xxiv-jornadas-tecnicas-de-medio-ambiente\/"]}]},{"@type":"ImageObject","inLanguage":"es","@id":"https:\/\/www.dra-go.com\/en\/xxiv-jornadas-tecnicas-de-medio-ambiente\/#primaryimage","url":"https:\/\/www.dra-go.com\/en\/wp-content\/uploads\/sites\/3\/2016\/11\/Electra-2-barredoraElectrica.jpg","contentUrl":"https:\/\/www.dra-go.com\/en\/wp-content\/uploads\/sites\/3\/2016\/11\/Electra-2-barredoraElectrica.jpg","width":632,"height":452,"caption":"Electra 2.0 Barredora el\u00e9ctrica"},{"@type":"BreadcrumbList","@id":"https:\/\/www.dra-go.com\/en\/xxiv-jornadas-tecnicas-de-medio-ambiente\/#breadcrumb","itemListElement":[{"@type":"ListItem","position":1,"name":"Portada","item":"https:\/\/www.dra-go.com\/en\/"},{"@type":"ListItem","position":2,"name":"En el transcurso de las XXIV JORNADAS T\u00c9CNICAS DE MEDIO AMBIENTE de la Asociaci\u00f3n Nacional de Empresas P\u00fablicas de Medioambiente (ANEPMA)"}]},{"@type":"WebSite","@id":"https:\/\/www.dra-go.com\/en\/#website","url":"https:\/\/www.dra-go.com\/en\/","name":"DRAGOEN","description":"Engineering and Services","publisher":{"@id":"https:\/\/www.dra-go.com\/en\/#organization"},"potentialAction":[{"@type":"SearchAction","target":{"@type":"EntryPoint","urlTemplate":"https:\/\/www.dra-go.com\/en\/?s={search_term_string}"},"query-input":{"@type":"PropertyValueSpecification","valueRequired":true,"valueName":"search_term_string"}}],"inLanguage":"es"},{"@type":"Organization","@id":"https:\/\/www.dra-go.com\/en\/#organization","name":"DRAGOEN","url":"https:\/\/www.dra-go.com\/en\/","logo":{"@type":"ImageObject","inLanguage":"es","@id":"https:\/\/www.dra-go.com\/en\/#\/schema\/logo\/image\/","url":"https:\/\/www.dra-go.com\/en\/wp-content\/uploads\/sites\/3\/2023\/07\/Logo-DRAGO-RGB-AF_PositivoDRAGO.png","contentUrl":"https:\/\/www.dra-go.com\/en\/wp-content\/uploads\/sites\/3\/2023\/07\/Logo-DRAGO-RGB-AF_PositivoDRAGO.png","width":1024,"height":194,"caption":"DRAGOEN"},"image":{"@id":"https:\/\/www.dra-go.com\/en\/#\/schema\/logo\/image\/"}},{"@type":"Person","@id":"https:\/\/www.dra-go.com\/en\/#\/schema\/person\/5ab7e9b61231a2bc8b3d1a9ec71e6cd2","name":"Isabel","image":{"@type":"ImageObject","inLanguage":"es","@id":"https:\/\/secure.gravatar.com\/avatar\/703ef0073a81160fe7c35840dce33307983fd19f84a4270dfe9ca184465acd5b?s=96&d=mm&r=g","url":"https:\/\/secure.gravatar.com\/avatar\/703ef0073a81160fe7c35840dce33307983fd19f84a4270dfe9ca184465acd5b?s=96&d=mm&r=g","contentUrl":"https:\/\/secure.gravatar.com\/avatar\/703ef0073a81160fe7c35840dce33307983fd19f84a4270dfe9ca184465acd5b?s=96&d=mm&r=g","caption":"Isabel"},"url":"https:\/\/www.dra-go.com\/en\/author\/dragosl\/"}]}},"_links":{"self":[{"href":"https:\/\/www.dra-go.com\/en\/wp-json\/wp\/v2\/posts\/14150","targetHints":{"allow":["GET"]}}],"collection":[{"href":"https:\/\/www.dra-go.com\/en\/wp-json\/wp\/v2\/posts"}],"about":[{"href":"https:\/\/www.dra-go.com\/en\/wp-json\/wp\/v2\/types\/post"}],"author":[{"embeddable":true,"href":"https:\/\/www.dra-go.com\/en\/wp-json\/wp\/v2\/users\/2"}],"replies":[{"embeddable":true,"href":"https:\/\/www.dra-go.com\/en\/wp-json\/wp\/v2\/comments?post=14150"}],"version-history":[{"count":4,"href":"https:\/\/www.dra-go.com\/en\/wp-json\/wp\/v2\/posts\/14150\/revisions"}],"predecessor-version":[{"id":14626,"href":"https:\/\/www.dra-go.com\/en\/wp-json\/wp\/v2\/posts\/14150\/revisions\/14626"}],"wp:featuredmedia":[{"embeddable":true,"href":"https:\/\/www.dra-go.com\/en\/wp-json\/wp\/v2\/media\/14625"}],"wp:attachment":[{"href":"https:\/\/www.dra-go.com\/en\/wp-json\/wp\/v2\/media?parent=14150"}],"wp:term":[{"taxonomy":"category","embeddable":true,"href":"https:\/\/www.dra-go.com\/en\/wp-json\/wp\/v2\/categories?post=14150"},{"taxonomy":"post_tag","embeddable":true,"href":"https:\/\/www.dra-go.com\/en\/wp-json\/wp\/v2\/tags?post=14150"}],"curies":[{"name":"wp","href":"https:\/\/api.w.org\/{rel}","templated":true}]}}